{"id":1,"date":"2023-12-14T12:45:34","date_gmt":"2023-12-14T11:45:34","guid":{"rendered":"http:\/\/fabricevandorpe.be\/?p=1"},"modified":"2023-12-20T22:26:09","modified_gmt":"2023-12-20T21:26:09","slug":"bonjour-tout-le-monde","status":"publish","type":"post","link":"https:\/\/fabricevandorpe.be\/?p=1","title":{"rendered":"Fabrice Vandorpe"},"content":{"rendered":"\n<p>Cavalier professionnel et moniteur d&#8217;\u00e9quitation engag\u00e9.<\/p>\n\n\n\n<p>Bonjour, <\/p>\n\n\n\n<p>Aujourd&#8217;hui, je m&#8217;engage pleinement dans le domaine politique au sein du Parti D\u00e9fi, portant fi\u00e8rement mes valeurs de respect, d&#8217;inclusion sociale et de justice sociale.<\/p>\n\n\n\n<p><strong>Parcours Professionnel :<\/strong> Ma carri\u00e8re \u00e9questre a \u00e9t\u00e9 marqu\u00e9e par une passion profonde pour les chevaux et un engagement envers le bien-\u00eatre animal. En tant que cavalier professionnel, j&#8217;ai comp\u00e9titionn\u00e9 \u00e0 des niveaux nationaux et internationaux, d\u00e9veloppant une compr\u00e9hension approfondie des enjeux li\u00e9s au monde \u00e9questre. Mon r\u00f4le de moniteur d&#8217;\u00e9quitation m&#8217;a \u00e9galement permis de transmettre ma passion et mes connaissances \u00e0 de nombreux \u00e9l\u00e8ves, contribuant ainsi \u00e0 la formation des g\u00e9n\u00e9rations futures de cavaliers.<\/p>\n\n\n\n<p><strong>Engagement Politique :<\/strong> Convaincu que l&#8217;engagement politique est une extension naturelle de mon d\u00e9sir d&#8217;impact positif, j&#8217;ai rejoint le Parti D\u00e9fi. Ce parti, dont les valeurs r\u00e9sonnent avec les miennes, place le respect, l&#8217;inclusion sociale et la justice sociale au c\u0153ur de son action politique. Mon objectif est de travailler activement pour cr\u00e9er une soci\u00e9t\u00e9 plus \u00e9quitable, o\u00f9 chaque individu a la possibilit\u00e9 de s&#8217;\u00e9panouir, peu importe ses origines ou sa situation.<\/p>\n\n\n\n<p><strong>Respect :<\/strong> Je crois fermement en la valeur du respect mutuel. En tant que cavalier, j&#8217;ai appris que la communication subtile entre le cavalier et le cheval repose sur le respect mutuel et la compr\u00e9hension. Dans le domaine politique, je m&#8217;efforce d&#8217;appliquer ces m\u00eames principes en encourageant un dialogue ouvert et respectueux pour trouver des solutions aux d\u00e9fis auxquels notre soci\u00e9t\u00e9 est confront\u00e9e.<\/p>\n\n\n\n<p><strong>Inclusion Sociale :<\/strong> Mon exp\u00e9rience \u00e9questre m&#8217;a enseign\u00e9 que la diversit\u00e9 est une force. Les \u00e9curies rassemblent des personnes de tous horizons, unies par leur amour des chevaux. En politique, je d\u00e9fends une approche inclusive, cherchant \u00e0 donner une voix \u00e0 ceux qui sont souvent marginalis\u00e9s. L&#8217;inclusion sociale est la cl\u00e9 pour construire une soci\u00e9t\u00e9 dynamique et harmonieuse.<\/p>\n\n\n\n<p><strong>Justice Sociale :<\/strong> En tant que d\u00e9fenseur de la justice sociale, je m&#8217;engage \u00e0 lutter contre les in\u00e9galit\u00e9s qui persistent dans notre soci\u00e9t\u00e9. Mon exp\u00e9rience dans le monde \u00e9questre m&#8217;a sensibilis\u00e9 aux r\u00e9alit\u00e9s de la vie quotidienne et aux besoins de chacun. En politique, je travaille pour \u00e9laborer des politiques qui favorisent l&#8217;\u00e9galit\u00e9 des chances et le bien-\u00eatre de tous.<\/p>\n\n\n\n<p>Ensemble, avec le Parti D\u00e9fi, je m&#8217;efforce de mettre en \u0153uvre ces valeurs dans des politiques concr\u00e8tes qui am\u00e9liorent la vie quotidienne de nos concitoyens. Mon parcours \u00e9questre et mon engagement politique se rejoignent dans la recherche d&#8217;un monde o\u00f9 le respect, l&#8217;inclusion sociale et la justice sociale sont au c\u0153ur de notre soci\u00e9t\u00e9.<\/p>\n","protected":false},"excerpt":{"rendered":"<p>Cavalier professionnel et moniteur d&#8217;\u00e9quitation engag\u00e9. Bonjour, Aujourd&#8217;hui, je m&#8217;engage pleinement dans le domaine politique au sein du Parti D\u00e9fi, portant fi\u00e8rement mes valeurs de respect, d&#8217;inclusion sociale et de&hellip;<\/p>\n","protected":false},"author":1,"featured_media":0,"comment_status":"open","ping_status":"open","sticky":false,"template":"","format":"standard","meta":{"footnotes":""},"categories":[1],"tags":[],"class_list":["post-1","post","type-post","status-publish","format-standard","hentry","category-non-classe"],"_links":{"self":[{"href":"https:\/\/fabricevandorpe.be\/index.php?rest_route=\/wp\/v2\/posts\/1","targetHints":{"allow":["GET"]}}],"collection":[{"href":"https:\/\/fabricevandorpe.be\/index.php?rest_route=\/wp\/v2\/posts"}],"about":[{"href":"https:\/\/fabricevandorpe.be\/index.php?rest_route=\/wp\/v2\/types\/post"}],"author":[{"embeddable":true,"href":"https:\/\/fabricevandorpe.be\/index.php?rest_route=\/wp\/v2\/users\/1"}],"replies":[{"embeddable":true,"href":"https:\/\/fabricevandorpe.be\/index.php?rest_route=%2Fwp%2Fv2%2Fcomments&post=1"}],"version-history":[{"count":1,"href":"https:\/\/fabricevandorpe.be\/index.php?rest_route=\/wp\/v2\/posts\/1\/revisions"}],"predecessor-version":[{"id":11,"href":"https:\/\/fabricevandorpe.be\/index.php?rest_route=\/wp\/v2\/posts\/1\/revisions\/11"}],"wp:attachment":[{"href":"https:\/\/fabricevandorpe.be\/index.php?rest_route=%2Fwp%2Fv2%2Fmedia&parent=1"}],"wp:term":[{"taxonomy":"category","embeddable":true,"href":"https:\/\/fabricevandorpe.be\/index.php?rest_route=%2Fwp%2Fv2%2Fcategories&post=1"},{"taxonomy":"post_tag","embeddable":true,"href":"https:\/\/fabricevandorpe.be\/index.php?rest_route=%2Fwp%2Fv2%2Ftags&post=1"}],"curies":[{"name":"wp","href":"https:\/\/api.w.org\/{rel}","templated":true}]}}